{"id":19567,"date":"2026-09-02T20:53:19","date_gmt":"2026-09-02T18:53:19","guid":{"rendered":"https:\/\/kismarja.hu\/?p=19567"},"modified":"2026-09-02T20:54:19","modified_gmt":"2026-09-02T18:54:19","slug":"allaspalyazat-csaladsegito-munkakor-betoltesere","status":"publish","type":"post","link":"https:\/\/kismarja.hu\/?p=19567","title":{"rendered":"\u00c1ll\u00e1sp\u00e1ly\u00e1zat csal\u00e1dseg\u00edt\u0151 munkak\u00f6r bet\u00f6lt\u00e9s\u00e9re"},"content":{"rendered":"\n<!-- Beilleszt\u00e9s: WordPress Gutenberg > Egy\u00e9ni HTML blokk -->\n<article style=\"max-width: 920px; margin: 0 auto; color: #243238; font-family: inherit; line-height: 1.65;\">\n\n  <!-- Fejl\u00e9c -->\n  <header style=\"padding: 34px 28px; margin-bottom: 28px; border-radius: 14px; background: linear-gradient(135deg, #0f4c5c 0%, #176b7d 100%); color: #ffffff; text-align: center; box-shadow: 0 8px 24px rgba(15, 76, 92, 0.18);\">\n    <p style=\"margin: 0 0 8px; font-size: 14px; font-weight: 700; letter-spacing: 0.08em; text-transform: uppercase; color: #d8f0f4;\">\u00c1ll\u00e1sp\u00e1ly\u00e1zat<\/p>\n    <h2 style=\"margin: 0 0 10px; color: #ffffff; font-size: clamp(28px, 5vw, 42px); line-height: 1.15;\">Csal\u00e1dseg\u00edt\u0151<\/h2>\n    <p style=\"margin: 0 auto 20px; max-width: 720px; font-size: 17px; color: #ffffff;\">\n      Az Eszt\u00e1ri K\u00f6z\u00f6s \u00d6nkorm\u00e1nyzati Hivatal Eszt\u00e1r-Kismarja Csal\u00e1d- \u00e9s Gyermekj\u00f3l\u00e9ti Szolg\u00e1lata p\u00e1ly\u00e1zatot hirdet csal\u00e1dseg\u00edt\u0151 munkak\u00f6r bet\u00f6lt\u00e9s\u00e9re.\n    <\/p>\n    <div style=\"display: inline-block; padding: 10px 16px; border-radius: 999px; background: #ffffff; color: #0f4c5c; font-weight: 700;\">\n      Jelentkez\u00e9si hat\u00e1rid\u0151: 2026. szeptember 18. 00:00\n    <\/div>\n  <\/header>\n\n  <!-- Legfontosabb adatok -->\n  <section aria-labelledby=\"fo-adatok\" style=\"margin-bottom: 32px;\">\n    <h3 id=\"fo-adatok\" style=\"margin: 0 0 16px; padding-bottom: 8px; border-bottom: 2px solid #d9e6e9; color: #0f4c5c; font-size: 24px;\">A munkak\u00f6r f\u0151bb adatai<\/h3>\n    <div style=\"display: grid; grid-template-columns: repeat(auto-fit, minmax(210px, 1fr)); gap: 14px;\">\n      <div style=\"padding: 18px; border: 1px solid #d9e6e9; border-radius: 10px; background: #f7fafb;\">\n        <div style=\"margin-bottom: 4px; color: #587078; font-size: 13px; font-weight: 700; text-transform: uppercase;\">Munkav\u00e9gz\u00e9s helye<\/div>\n        <div style=\"font-weight: 700;\">Kismarja, Kossuth u. 31.<\/div>\n      <\/div>\n      <div style=\"padding: 18px; border: 1px solid #d9e6e9; border-radius: 10px; background: #f7fafb;\">\n        <div style=\"margin-bottom: 4px; color: #587078; font-size: 13px; font-weight: 700; text-transform: uppercase;\">Jogviszony<\/div>\n        <div style=\"font-weight: 700;\">K\u00f6zalkalmazotti jogviszony (Kjt.)<\/div>\n      <\/div>\n      <div style=\"padding: 18px; border: 1px solid #d9e6e9; border-radius: 10px; background: #f7fafb;\">\n        <div style=\"margin-bottom: 4px; color: #587078; font-size: 13px; font-weight: 700; text-transform: uppercase;\">Foglalkoztat\u00e1s<\/div>\n        <div style=\"font-weight: 700;\">Hat\u00e1rozatlan, heti 40 \u00f3ra, teljes munkaid\u0151<\/div>\n      <\/div>\n      <div style=\"padding: 18px; border: 1px solid #d9e6e9; border-radius: 10px; background: #f7fafb;\">\n        <div style=\"margin-bottom: 4px; color: #587078; font-size: 13px; font-weight: 700; text-transform: uppercase;\">Tervezett kezd\u00e9s<\/div>\n        <div style=\"font-weight: 700;\">2026. okt\u00f3ber 1.<\/div>\n      <\/div>\n    <\/div>\n  <\/section>\n\n  <!-- Feladatok -->\n  <section aria-labelledby=\"feladatok\" style=\"margin-bottom: 32px;\">\n    <h3 id=\"feladatok\" style=\"margin: 0 0 14px; padding-bottom: 8px; border-bottom: 2px solid #d9e6e9; color: #0f4c5c; font-size: 24px;\">Ell\u00e1tand\u00f3 feladatok<\/h3>\n    <p style=\"margin: 0;\">\n      Csal\u00e1dseg\u00edt\u0151i feladatok ell\u00e1t\u00e1sa a szoci\u00e1lis igazgat\u00e1sr\u00f3l \u00e9s a szoci\u00e1lis ell\u00e1t\u00e1sokr\u00f3l sz\u00f3l\u00f3 1993. \u00e9vi III. t\u00f6rv\u00e9ny, valamint a gyermekek v\u00e9delm\u00e9r\u0151l \u00e9s a gy\u00e1m\u00fcgyi igazgat\u00e1sr\u00f3l sz\u00f3l\u00f3 1997. \u00e9vi XXXI. t\u00f6rv\u00e9ny rendelkez\u00e9sei alapj\u00e1n Kismarja telep\u00fcl\u00e9sen, sz\u00fcks\u00e9g eset\u00e9n helyettes\u00edt\u00e9ssel Eszt\u00e1r telep\u00fcl\u00e9sen. A munkav\u00e9gz\u00e9s megl\u00e9v\u0151 csal\u00e1dseg\u00edt\u0151 munkat\u00e1rs mellett, k\u00e9tszem\u00e9lyes szolg\u00e1latban t\u00f6rt\u00e9nik.\n    <\/p>\n  <\/section>\n\n  <!-- R\u00e9szletes \u00e1ll\u00e1sadatok -->\n  <section aria-labelledby=\"reszletes-adatok\" style=\"margin-bottom: 32px;\">\n    <h3 id=\"reszletes-adatok\" style=\"margin: 0 0 14px; padding-bottom: 8px; border-bottom: 2px solid #d9e6e9; color: #0f4c5c; font-size: 24px;\">R\u00e9szletes \u00e1ll\u00e1sadatok<\/h3>\n    <dl style=\"margin: 0;\">\n      <div style=\"padding: 11px 0; border-bottom: 1px solid #e5edef;\">\n        <dt style=\"font-weight: 700; color: #344c54;\">Szakmacsoport<\/dt>\n        <dd style=\"margin: 2px 0 0;\">Szoci\u00e1lis \u00e9s gy\u00e1m\u00fcgy<\/dd>\n      <\/div>\n      <div style=\"padding: 11px 0; border-bottom: 1px solid #e5edef;\">\n        <dt style=\"font-weight: 700; color: #344c54;\">FEOR-besorol\u00e1s<\/dt>\n        <dd style=\"margin: 2px 0 0;\">2312 \u2013 Szoci\u00e1lis munk\u00e1s \u00e9s tan\u00e1csad\u00f3<\/dd>\n      <\/div>\n      <div style=\"padding: 11px 0; border-bottom: 1px solid #e5edef;\">\n        <dt style=\"font-weight: 700; color: #344c54;\">Szakter\u00fclet, munkak\u00f6rcsal\u00e1d<\/dt>\n        <dd style=\"margin: 2px 0 0;\">Szakigazgat\u00e1si<\/dd>\n      <\/div>\n      <div style=\"padding: 11px 0; border-bottom: 1px solid #e5edef;\">\n        <dt style=\"font-weight: 700; color: #344c54;\">Munkarend<\/dt>\n        <dd style=\"margin: 2px 0 0;\">\u00c1ltal\u00e1nos munkarend<\/dd>\n      <\/div>\n      <div style=\"padding: 11px 0;\">\n        <dt style=\"font-weight: 700; color: #344c54;\">Pr\u00f3baid\u0151<\/dt>\n        <dd style=\"margin: 2px 0 0;\">3 h\u00f3nap<\/dd>\n      <\/div>\n    <\/dl>\n  <\/section>\n\n  <!-- Szervezet -->\n  <section aria-labelledby=\"szervezet\" style=\"margin-bottom: 32px; padding: 22px; border-left: 5px solid #d29d2b; border-radius: 8px; background: #fffaf0;\">\n    <h3 id=\"szervezet\" style=\"margin: 0 0 10px; color: #694d0d; font-size: 22px;\">A szervezetr\u0151l<\/h3>\n    <p style=\"margin: 0 0 10px;\">\n      Az Eszt\u00e1r-Kismarja Csal\u00e1d- \u00e9s Gyermekj\u00f3l\u00e9ti Szolg\u00e1lat az Eszt\u00e1ri K\u00f6z\u00f6s \u00d6nkorm\u00e1nyzati Hivatal elk\u00fcl\u00f6n\u00fclt szervezeti egys\u00e9gek\u00e9nt m\u0171k\u00f6dik. Csal\u00e1dgondoz\u00f3i Eszt\u00e1r \u00e9s Kismarja telep\u00fcl\u00e9seken l\u00e1tj\u00e1k el feladataikat. Munk\u00e1ltat\u00f3juk a jegyz\u0151.\n    <\/p>\n    <p style=\"margin: 0;\">\n      A jogviszony l\u00e9tes\u00edt\u00e9se \u00e9s az illetm\u00e9ny meg\u00e1llap\u00edt\u00e1sa a k\u00f6zalkalmazottak jog\u00e1ll\u00e1s\u00e1r\u00f3l sz\u00f3l\u00f3 1992. \u00e9vi XXXIII. t\u00f6rv\u00e9ny alapj\u00e1n t\u00f6rt\u00e9nik.\n    <\/p>\n  <\/section>\n\n  <!-- Felt\u00e9telek -->\n  <section aria-labelledby=\"feltetelek\" style=\"margin-bottom: 32px;\">\n    <h3 id=\"feltetelek\" style=\"margin: 0 0 14px; padding-bottom: 8px; border-bottom: 2px solid #d9e6e9; color: #0f4c5c; font-size: 24px;\">P\u00e1ly\u00e1zati felt\u00e9telek<\/h3>\n    <h4 style=\"margin: 18px 0 8px; color: #344c54; font-size: 18px;\">Jogszab\u00e1lyi k\u00f6vetelm\u00e9nyek<\/h4>\n    <ul style=\"margin: 0; padding-left: 22px;\">\n      <li style=\"margin-bottom: 6px;\">b\u00fcntetlen el\u0151\u00e9let,<\/li>\n      <li style=\"margin-bottom: 6px;\">cselekv\u0151k\u00e9pess\u00e9g,<\/li>\n      <li style=\"margin-bottom: 6px;\">magyar \u00e1llampolg\u00e1rs\u00e1g,<\/li>\n      <li>erk\u00f6lcsi bizony\u00edtv\u00e1ny.<\/li>\n    <\/ul>\n\n    <h4 style=\"margin: 22px 0 8px; color: #344c54; font-size: 18px;\">Elv\u00e1rt v\u00e9gzetts\u00e9g, k\u00e9pes\u00edt\u00e9s<\/h4>\n    <p style=\"margin: 0;\">\n      Fels\u0151fok\u00fa v\u00e9gzetts\u00e9ghez k\u00f6t\u00f6tt szakk\u00e9pes\u00edt\u00e9s, alapk\u00e9pz\u00e9s (BSc vagy BA), gyermek- \u00e9s ifj\u00fas\u00e1gv\u00e9delem. A k\u00e9pes\u00edt\u00e9si el\u0151\u00edr\u00e1sokat a 15\/1998. (IV. 30.) NM rendelet 2. mell\u00e9klet\u00e9nek II. pontja hat\u00e1rozza meg.\n    <\/p>\n\n    <h4 style=\"margin: 22px 0 8px; color: #344c54; font-size: 18px;\">Az elb\u00edr\u00e1l\u00e1s sor\u00e1n el\u0151nyt jelent\u0151 v\u00e9gzetts\u00e9g, k\u00e9pes\u00edt\u00e9s<\/h4>\n    <p style=\"margin: 0;\">\n      Fels\u0151fok\u00fa v\u00e9gzetts\u00e9ghez k\u00f6t\u00f6tt szakk\u00e9pes\u00edt\u00e9s, alapk\u00e9pz\u00e9s (BSc vagy BA), gyermek- \u00e9s ifj\u00fas\u00e1gv\u00e9delem, a 15\/1998. (IV. 30.) NM rendelet 2. mell\u00e9klet\u00e9nek II. pontja szerint.\n    <\/p>\n    <p style=\"margin: 10px 0 0;\"><strong>Szakmai vagy vezet\u0151i tapasztalat:<\/strong> nem felt\u00e9tel \u00e9s nem jelent el\u0151nyt.<\/p>\n\n    <h4 style=\"margin: 22px 0 8px; color: #344c54; font-size: 18px;\">Szem\u00e9lyes kompetenci\u00e1k<\/h4>\n    <ul style=\"margin: 0; padding-left: 22px; columns: 2; column-width: 220px;\">\n      <li style=\"margin-bottom: 6px;\">\u00f6n\u00e1ll\u00f3s\u00e1g,<\/li>\n      <li style=\"margin-bottom: 6px;\">probl\u00e9mamegold\u00f3 k\u00e9szs\u00e9g,<\/li>\n      <li style=\"margin-bottom: 6px;\">kommunik\u00e1ci\u00f3s k\u00e9szs\u00e9g,<\/li>\n      <li style=\"margin-bottom: 6px;\">konfliktuskezel\u00e9s,<\/li>\n      <li>egy\u00fcttm\u0171k\u00f6d\u00e9s.<\/li>\n    <\/ul>\n  <\/section>\n\n  <!-- Dokumentumok -->\n  <section aria-labelledby=\"dokumentumok\" style=\"margin-bottom: 32px;\">\n    <h3 id=\"dokumentumok\" style=\"margin: 0 0 14px; padding-bottom: 8px; border-bottom: 2px solid #d9e6e9; color: #0f4c5c; font-size: 24px;\">Beny\u00fajtand\u00f3 dokumentumok<\/h3>\n    <ul style=\"margin: 0; padding-left: 22px;\">\n      <li style=\"margin-bottom: 8px;\">nyilatkozat a p\u00e1ly\u00e1zati anyagban foglalt szem\u00e9lyes adatok p\u00e1ly\u00e1zati elj\u00e1r\u00e1ssal \u00f6sszef\u00fcgg\u0151 kezel\u00e9s\u00e9hez val\u00f3 hozz\u00e1j\u00e1rul\u00e1sr\u00f3l, a Kjt. 20\/A. \u00a7 (5) bekezd\u00e9s b) pontja alapj\u00e1n,<\/li>\n      <li style=\"margin-bottom: 8px;\">f\u00e9nyk\u00e9ppel ell\u00e1tott szakmai \u00f6n\u00e9letrajz,<\/li>\n      <li style=\"margin-bottom: 8px;\">h\u00e1rom h\u00f3napn\u00e1l nem r\u00e9gebbi erk\u00f6lcsi bizony\u00edtv\u00e1ny,<\/li>\n      <li style=\"margin-bottom: 8px;\">a v\u00e9gzetts\u00e9get \u00e9s szakk\u00e9pes\u00edt\u00e9st igazol\u00f3 okiratok m\u00e1solata,<\/li>\n      <li>az eddigi munkaviszonyokr\u00f3l sz\u00f3l\u00f3 igazol\u00e1s.<\/li>\n    <\/ul>\n  <\/section>\n\n  <!-- Jelentkez\u00e9s -->\n  <section aria-labelledby=\"jelentkezes\" style=\"margin-bottom: 32px; padding: 26px; border: 2px solid #0f4c5c; border-radius: 12px; background: #f2f8f9;\">\n    <h3 id=\"jelentkezes\" style=\"margin: 0 0 8px; color: #0f4c5c; font-size: 25px;\">Jelentkez\u00e9s<\/h3>\n    <p style=\"margin: 0 0 18px; font-size: 18px;\">\n      <strong>Hat\u00e1rid\u0151:<\/strong> <time datetime=\"2026-09-18T00:00\">2026. szeptember 18. 00:00<\/time>\n    <\/p>\n\n    <h4 style=\"margin: 0 0 7px; color: #344c54; font-size: 18px;\">Elektronikus beny\u00fajt\u00e1s<\/h4>\n    <p style=\"margin: 0 0 16px;\">\n      <a href=\"mailto:hivatal@kismarja.hu\" style=\"display: inline-block; padding: 11px 18px; border-radius: 7px; background: #0f4c5c; color: #ffffff; font-weight: 700; text-decoration: none;\">P\u00e1ly\u00e1zat k\u00fcld\u00e9se e-mailben<\/a>\n      <br><span style=\"display: inline-block; margin-top: 6px;\">E-mail: <a href=\"mailto:hivatal@kismarja.hu\" style=\"color: #0f4c5c; font-weight: 700;\">hivatal@kismarja.hu<\/a><\/span>\n    <\/p>\n\n    <h4 style=\"margin: 0 0 7px; color: #344c54; font-size: 18px;\">Postai beny\u00fajt\u00e1s<\/h4>\n    <address style=\"margin: 0 0 16px; font-style: normal;\">\n      Eszt\u00e1ri K\u00f6z\u00f6s \u00d6nkorm\u00e1nyzati Hivatal<br>\n      4126 Kismarja, Bocskai u. 20.\n    <\/address>\n\n    <h4 style=\"margin: 0 0 7px; color: #344c54; font-size: 18px;\">Tov\u00e1bbi inform\u00e1ci\u00f3<\/h4>\n    <p style=\"margin: 0;\">\n      Fek\u00e9n\u00e9 Tarcsi Csilla jegyz\u0151<br>\n      Telefon: <a href=\"tel:+36709300012\" style=\"color: #0f4c5c; font-weight: 700;\">+36 70 930 0012<\/a>\n    <\/p>\n  <\/section>\n\n  <!-- Elb\u00edr\u00e1l\u00e1s -->\n  <section aria-labelledby=\"elbiralas\" style=\"margin-bottom: 32px;\">\n    <h3 id=\"elbiralas\" style=\"margin: 0 0 14px; padding-bottom: 8px; border-bottom: 2px solid #d9e6e9; color: #0f4c5c; font-size: 24px;\">A p\u00e1ly\u00e1zat elb\u00edr\u00e1l\u00e1sa<\/h3>\n    <p style=\"margin: 0 0 12px;\">\n      A hat\u00e1rid\u0151ben, tartalmi \u00e9s formai szempontb\u00f3l hi\u00e1nytalan p\u00e1ly\u00e1zatot beny\u00fajt\u00f3 jelentkez\u0151ket a jegyz\u0151 szem\u00e9lyesen hallgatja meg, majd az elb\u00edr\u00e1l\u00e1st k\u00f6vet\u0151en \u00e9rtes\u00edti \u0151ket.\n    <\/p>\n    <p style=\"margin: 0;\"><strong>Az elb\u00edr\u00e1l\u00e1s hat\u00e1rideje:<\/strong> <time datetime=\"2026-09-28T00:00\">2026. szeptember 28. 00:00<\/time><\/p>\n  <\/section>\n\n  <!-- Azonos\u00edt\u00f3k \u00e9s jogi megjegyz\u00e9s -->\n  <footer style=\"padding: 20px; border-radius: 9px; background: #f3f4f5; color: #52636a; font-size: 14px;\">\n    <p style=\"margin: 0 0 8px;\"><strong>K\u00d6ZSZOLG\u00c1LL\u00c1S sorsz\u00e1m:<\/strong> 168275<br><strong>Int\u00e9zm\u00e9nyi iktat\u00f3sz\u00e1m:<\/strong> ESZ\/2112-1\/2025.<\/p>\n    <p style=\"margin: 0 0 8px;\"><strong>A p\u00e1ly\u00e1zati ki\u00edr\u00e1s tov\u00e1bbi k\u00f6zz\u00e9t\u00e9tel\u00e9nek helye:<\/strong> <a href=\"http:\/\/www.kismarja.hu\" style=\"color: #0f4c5c;\">www.kismarja.hu<\/a><\/p>\n    <p style=\"margin: 0;\">\n      A p\u00e1ly\u00e1zati ki\u00edr\u00e1s k\u00f6zz\u00e9tev\u0151je a Minisztereln\u00f6ki Korm\u00e1nyiroda (MK). A ki\u00edr\u00e1s a k\u00f6zigazgat\u00e1si szerv \u00e1ltal az MK r\u00e9sz\u00e9re megk\u00fcld\u00f6tt adatokat tartalmazza, ez\u00e9rt annak tartalm\u00e1\u00e9rt a hat\u00e1lyos jogszab\u00e1ly alapj\u00e1n a p\u00e1ly\u00e1zatot ki\u00edr\u00f3 szerv felel.\n    <\/p>\n  <\/footer>\n\n<\/article>\n\n\n\n<div data-wp-interactive=\"core\/file\" class=\"wp-block-file\"><object data-wp-bind--hidden=\"!state.hasPdfPreview\" hidden class=\"wp-block-file__embed\" data=\"https:\/\/kismarja.hu\/wp-content\/uploads\/2026\/09\/AllasHirdetes_csaladsegito.pdf\" type=\"application\/pdf\" style=\"width:100%;height:600px\" aria-label=\"AllasHirdetes_csaladsegito be\u00e1gyaz\u00e1sa\"><\/object><a id=\"wp-block-file--media-d9a24c56-1f05-4111-bd83-0ca1b5d3f935\" href=\"https:\/\/kismarja.hu\/wp-content\/uploads\/2026\/09\/AllasHirdetes_csaladsegito.pdf\">AllasHirdetes_csaladsegito<\/a><a href=\"https:\/\/kismarja.hu\/wp-content\/uploads\/2026\/09\/AllasHirdetes_csaladsegito.pdf\" class=\"wp-block-file__button wp-element-button\" download aria-describedby=\"wp-block-file--media-d9a24c56-1f05-4111-bd83-0ca1b5d3f935\">Let\u00f6lt\u00e9s<\/a><\/div>\n","protected":false},"excerpt":{"rendered":"<p>\u00c1ll\u00e1sp\u00e1ly\u00e1zat Csal\u00e1dseg\u00edt\u0151 Az Eszt\u00e1ri K\u00f6z\u00f6s \u00d6nkorm\u00e1nyzati Hivatal Eszt\u00e1r-Kismarja Csal\u00e1d- \u00e9s Gyermekj\u00f3l\u00e9ti Szolg\u00e1lata p\u00e1ly\u00e1zatot hirdet csal\u00e1dseg\u00edt\u0151 munkak\u00f6r bet\u00f6lt\u00e9s\u00e9re. Jelentkez\u00e9si hat\u00e1rid\u0151: 2026. szeptember 18. 00:00 A munkak\u00f6r f\u0151bb adatai Munkav\u00e9gz\u00e9s helye Kismarja, Kossuth u. 31. Jogviszony K\u00f6zalkalmazotti jogviszony (Kjt.) Foglalkoztat\u00e1s Hat\u00e1rozatlan, heti 40 \u00f3ra, teljes munkaid\u0151 Tervezett kezd\u00e9s 2026. okt\u00f3ber 1. Ell\u00e1tand\u00f3 feladatok Csal\u00e1dseg\u00edt\u0151i feladatok ell\u00e1t\u00e1sa a [&hellip;]<\/p>\n","protected":false},"author":1,"featured_media":0,"comment_status":"closed","ping_status":"open","sticky":false,"template":"","format":"standard","meta":{"give_campaign_id":0,"footnotes":""},"categories":[99],"tags":[],"class_list":["post-19567","post","type-post","status-publish","format-standard","hentry","category-allasajanlat"],"_links":{"self":[{"href":"https:\/\/kismarja.hu\/index.php?rest_route=\/wp\/v2\/posts\/19567","targetHints":{"allow":["GET"]}}],"collection":[{"href":"https:\/\/kismarja.hu\/index.php?rest_route=\/wp\/v2\/posts"}],"about":[{"href":"https:\/\/kismarja.hu\/index.php?rest_route=\/wp\/v2\/types\/post"}],"author":[{"embeddable":true,"href":"https:\/\/kismarja.hu\/index.php?rest_route=\/wp\/v2\/users\/1"}],"replies":[{"embeddable":true,"href":"https:\/\/kismarja.hu\/index.php?rest_route=%2Fwp%2Fv2%2Fcomments&post=19567"}],"version-history":[{"count":3,"href":"https:\/\/kismarja.hu\/index.php?rest_route=\/wp\/v2\/posts\/19567\/revisions"}],"predecessor-version":[{"id":19572,"href":"https:\/\/kismarja.hu\/index.php?rest_route=\/wp\/v2\/posts\/19567\/revisions\/19572"}],"wp:attachment":[{"href":"https:\/\/kismarja.hu\/index.php?rest_route=%2Fwp%2Fv2%2Fmedia&parent=19567"}],"wp:term":[{"taxonomy":"category","embeddable":true,"href":"https:\/\/kismarja.hu\/index.php?rest_route=%2Fwp%2Fv2%2Fcategories&post=19567"},{"taxonomy":"post_tag","embeddable":true,"href":"https:\/\/kismarja.hu\/index.php?rest_route=%2Fwp%2Fv2%2Ftags&post=19567"}],"curies":[{"name":"wp","href":"https:\/\/api.w.org\/{rel}","templated":true}]}}